{"id":2582,"date":"2024-02-14T15:28:22","date_gmt":"2024-02-14T15:28:22","guid":{"rendered":"https:\/\/www.lecamaleon.com\/?p=2582"},"modified":"2024-02-14T15:28:23","modified_gmt":"2024-02-14T15:28:23","slug":"como-quando-lavar-edredao","status":"publish","type":"post","link":"https:\/\/www.lecamaleon.com\/en\/como-quando-lavar-edredao\/","title":{"rendered":"Como e quando lavar o seu edred\u00e3o"},"content":{"rendered":"\n<p>Vamos ser honestos! <\/p>\n\n\n\n<p>Lavar o edred\u00e3o \u00e9 uma das coisas mais chatas e complicadas nas tarefas de casa devido ao tamanho e volume. Mas se seguir as nossas recomenda\u00e7\u00f5es, vai ver que lavar o seu edred\u00e3o n\u00e3o \u00e9 assim t\u00e3o dif\u00edcil.<\/p>\n\n\n\n<h2 class=\"wp-block-heading\">Qual a frequ\u00eancia com que deve lavar o edred\u00e3o?<\/h2>\n\n\n\n<p>A roupa de cama, como fronhas e len\u00e7\u00f3is, deve ser lavada todas as semanas. J\u00e1 os edred\u00f5es, como n\u00e3o est\u00e3o em contacto direto com a pele, que liberta suor e oleosidade enquanto dormimos, devem ser <strong>lavados de 2 em 2 meses<\/strong>.<\/p>\n\n\n\n<h3 class=\"wp-block-heading\">E se o edred\u00e3o tiver capa?<\/h3>\n\n\n\n<p>Normalmente, os <strong>edred\u00f5es n\u00f3rdicos<\/strong> est\u00e3o inseridos numa capa, e por isso, s\u00e3o \u00e0 partida mais <strong>higi\u00e9nicos e f\u00e1ceis de lavar<\/strong>. Neste caso, pode lavar a capa todas as semanas juntamente com os len\u00e7\u00f3is e fronhas, ou de duas em duas semanas se preferir.<\/p>\n\n\n\n<div class=\"wp-block-group\"><div class=\"wp-block-group__inner-container is-layout-constrained wp-block-group-is-layout-constrained\">\n<div class=\"wp-block-columns is-layout-flex wp-container-core-columns-is-layout-9d6595d7 wp-block-columns-is-layout-flex\">\n<div class=\"wp-block-column is-layout-flow wp-block-column-is-layout-flow\" style=\"flex-basis:100%\">\n<div class=\"wp-block-group\"><div class=\"wp-block-group__inner-container is-layout-constrained wp-block-group-is-layout-constrained\">\n<div data-block-name=\"woocommerce\/single-product\" data-product-id=\"1895\" data-wp-context=\"{&quot;productId&quot;:1895,&quot;variationId&quot;:null}\" data-wp-interactive=\"woocommerce\/single-product\" class=\"wp-block-woocommerce-single-product\">\n<div class=\"wp-block-columns is-layout-flex wp-container-core-columns-is-layout-9d6595d7 wp-block-columns-is-layout-flex\">\n<div class=\"wp-block-column is-layout-flow wp-block-column-is-layout-flow\"><div data-block-name=\"woocommerce\/product-image\" data-is-descendent-of-single-product-block=\"true\" data-show-sale-badge=\"false\" class=\"wc-block-components-product-image wc-block-grid__product-image wc-block-components-product-image--aspect-ratio-auto wp-block-woocommerce-product-image\"><a href=\"https:\/\/www.lecamaleon.com\/en\/product\/edredao-nordico-inverno\/\" style=\"\" data-wp-on--click=\"woocommerce\/product-collection::actions.viewProduct\"><img loading=\"lazy\" decoding=\"async\" width=\"1000\" height=\"1333\" src=\"https:\/\/www.lecamaleon.com\/wp-content\/uploads\/2023\/11\/edredao-nordico-2025-1000x1333.jpg\" class=\"attachment-woocommerce_single size-woocommerce_single\" alt=\"Edred\u00e3o n\u00f3rdico branco de 400g dobrado sobre a cama, mostrando o volume e suavidade do enchimento.\" data-testid=\"product-image\" data-image-id=\"4405\" style=\"object-fit:cover;\" loading=\"lazy\" srcset=\"https:\/\/www.lecamaleon.com\/wp-content\/uploads\/2023\/11\/edredao-nordico-2025-1000x1333.jpg 1000w, https:\/\/www.lecamaleon.com\/wp-content\/uploads\/2023\/11\/edredao-nordico-2025-225x300.jpg 225w, https:\/\/www.lecamaleon.com\/wp-content\/uploads\/2023\/11\/edredao-nordico-2025-768x1024.jpg 768w, https:\/\/www.lecamaleon.com\/wp-content\/uploads\/2023\/11\/edredao-nordico-2025-9x12.jpg 9w, https:\/\/www.lecamaleon.com\/wp-content\/uploads\/2023\/11\/edredao-nordico-2025-300x400.jpg 300w, https:\/\/www.lecamaleon.com\/wp-content\/uploads\/2023\/11\/edredao-nordico-2025.jpg 1080w\" sizes=\"auto, (max-width: 1000px) 100vw, 1000px\" \/><div class=\"wc-block-components-product-image__inner-container\"><\/div><\/a><\/div><\/div>\n\n\n\n<div class=\"wp-block-column is-layout-flow wp-block-column-is-layout-flow\"><h2 class=\"wp-block-post-title\"><a href=\"https:\/\/www.lecamaleon.com\/en\/product\/edredao-nordico-inverno\/\" target=\"_self\" >Edred\u00e3o N\u00f3rdico de Inverno 400 GR<\/a><\/h2>\n\n\n\n<div data-block-name=\"woocommerce\/product-price\" data-is-descendent-of-single-product-block=\"true\" class=\"wp-block-woocommerce-product-price\" data-wp-interactive=\"woocommerce\/product-elements\" data-wp-context='{\"productElementKey\":\"price_html\"}'><div class=\"wc-block-components-product-price wc-block-grid__product-price\" data-wp-watch=\"callbacks.updateValue\" aria-live=\"polite\" aria-atomic=\"true\">\n\t\t\t\t\t<span class=\"woocommerce-Price-amount amount\" aria-hidden=\"true\"><bdi>36,00&nbsp;<span class=\"woocommerce-Price-currencySymbol\">&euro;<\/span><\/bdi><\/span> <span aria-hidden=\"true\">&ndash;<\/span> <span class=\"woocommerce-Price-amount amount\" aria-hidden=\"true\"><bdi>46,99&nbsp;<span class=\"woocommerce-Price-currencySymbol\">&euro;<\/span><\/bdi><\/span><span class=\"screen-reader-text\">Price range: 36,00&nbsp;&euro; through 46,99&nbsp;&euro;<\/span>\n\t\t\t\t<\/div><\/div>\n\n<div class=\"wp-block-post-excerpt\"><p class=\"wp-block-post-excerpt__excerpt\">O Edred\u00e3o N\u00f3rdico de Inverno da LeCamaleon foi desenhado de raiz para oferecer conforto durante as esta\u00e7\u00f5es mais frias do ano. No interior est\u00e1 recheado de fibra premium com isolamento t\u00e9rmico, ideal para o manter quente e aconchegado enquanto dorme independentemente da temperatura exterior. O exterior \u00e9 feito em microfibra altamente suave para acariciar a&hellip; <\/p><\/div>\n\n<div data-block-name=\"woocommerce\/add-to-cart-form\" data-is-descendent-of-single-product-block=\"true\" class=\"wp-block-add-to-cart-form wc-block-add-to-cart-form wc-block-add-to-cart-form--input wp-block-woocommerce-add-to-cart-form\" >\n<form class=\"variations_form cart\" action=\"https:\/\/www.lecamaleon.com\/en\/product\/edredao-nordico-inverno\/\" method=\"post\" enctype='multipart\/form-data' data-product_id=\"1895\" data-product_variations=\"[{&quot;attributes&quot;:{&quot;attribute_medida&quot;:&quot;150 x 220 cm&quot;},&quot;availability_html&quot;:&quot;&lt;p class=\\&quot;stock in-stock\\&quot;&gt;8 in stock&lt;\\\/p&gt;\\n&quot;,&quot;backorders_allowed&quot;:false,&quot;dimensions&quot;:{&quot;length&quot;:&quot;&quot;,&quot;width&quot;:&quot;&quot;,&quot;height&quot;:&quot;&quot;},&quot;dimensions_html&quot;:&quot;N\\\/A&quot;,&quot;display_price&quot;:36,&quot;display_regular_price&quot;:36,&quot;image&quot;:{&quot;title&quot;:&quot;Edred\\u00e3o N\\u00f3rdico 400g Dobrado&quot;,&quot;caption&quot;:&quot;Edred\\u00e3o n\\u00f3rdico 400g da LeCamaleon, preparado para noites mais quentes e confort\\u00e1veis.&quot;,&quot;url&quot;:&quot;https:\\\/\\\/www.lecamaleon.com\\\/wp-content\\\/uploads\\\/2023\\\/11\\\/edredao-nordico-2025.jpg&quot;,&quot;alt&quot;:&quot;Edred\\u00e3o n\\u00f3rdico branco de 400g dobrado sobre a cama, mostrando o volume e suavidade do enchimento.&quot;,&quot;src&quot;:&quot;https:\\\/\\\/www.lecamaleon.com\\\/wp-content\\\/uploads\\\/2023\\\/11\\\/edredao-nordico-2025-1000x1333.jpg&quot;,&quot;srcset&quot;:&quot;https:\\\/\\\/www.lecamaleon.com\\\/wp-content\\\/uploads\\\/2023\\\/11\\\/edredao-nordico-2025-1000x1333.jpg 1000w, https:\\\/\\\/www.lecamaleon.com\\\/wp-content\\\/uploads\\\/2023\\\/11\\\/edredao-nordico-2025-225x300.jpg 225w, https:\\\/\\\/www.lecamaleon.com\\\/wp-content\\\/uploads\\\/2023\\\/11\\\/edredao-nordico-2025-768x1024.jpg 768w, https:\\\/\\\/www.lecamaleon.com\\\/wp-content\\\/uploads\\\/2023\\\/11\\\/edredao-nordico-2025-9x12.jpg 9w, https:\\\/\\\/www.lecamaleon.com\\\/wp-content\\\/uploads\\\/2023\\\/11\\\/edredao-nordico-2025-300x400.jpg 300w, https:\\\/\\\/www.lecamaleon.com\\\/wp-content\\\/uploads\\\/2023\\\/11\\\/edredao-nordico-2025.jpg 1080w&quot;,&quot;sizes&quot;:&quot;(max-width: 1000px) 100vw, 1000px&quot;,&quot;full_src&quot;:&quot;https:\\\/\\\/www.lecamaleon.com\\\/wp-content\\\/uploads\\\/2023\\\/11\\\/edredao-nordico-2025.jpg&quot;,&quot;full_src_w&quot;:1080,&quot;full_src_h&quot;:1440,&quot;gallery_thumbnail_src&quot;:&quot;https:\\\/\\\/www.lecamaleon.com\\\/wp-content\\\/uploads\\\/2023\\\/11\\\/edredao-nordico-2025-100x100.jpg&quot;,&quot;gallery_thumbnail_src_w&quot;:100,&quot;gallery_thumbnail_src_h&quot;:100,&quot;thumb_src&quot;:&quot;https:\\\/\\\/www.lecamaleon.com\\\/wp-content\\\/uploads\\\/2023\\\/11\\\/edredao-nordico-2025-300x400.jpg&quot;,&quot;thumb_src_w&quot;:300,&quot;thumb_src_h&quot;:400,&quot;src_w&quot;:1000,&quot;src_h&quot;:1333},&quot;image_id&quot;:4405,&quot;is_downloadable&quot;:false,&quot;is_in_stock&quot;:true,&quot;is_purchasable&quot;:true,&quot;is_sold_individually&quot;:&quot;no&quot;,&quot;is_virtual&quot;:false,&quot;max_qty&quot;:8,&quot;min_qty&quot;:1,&quot;price_html&quot;:&quot;&lt;span class=\\&quot;price\\&quot;&gt;&lt;span class=\\&quot;woocommerce-Price-amount amount\\&quot;&gt;&lt;bdi&gt;36,00&amp;nbsp;&lt;span class=\\&quot;woocommerce-Price-currencySymbol\\&quot;&gt;&amp;euro;&lt;\\\/span&gt;&lt;\\\/bdi&gt;&lt;\\\/span&gt;&lt;\\\/span&gt;&quot;,&quot;sku&quot;:&quot;3312150220&quot;,&quot;variation_description&quot;:&quot;&quot;,&quot;variation_id&quot;:1993,&quot;variation_is_active&quot;:true,&quot;variation_is_visible&quot;:true,&quot;weight&quot;:&quot;&quot;,&quot;weight_html&quot;:&quot;N\\\/A&quot;,&quot;ean&quot;:&quot;8494040304525&quot;,&quot;display_name&quot;:&quot;Edred\\u00e3o N\\u00f3rdico de Inverno 400 GR&lt;span&gt; - &lt;\\\/span&gt;150 x 220 cm&quot;},{&quot;attributes&quot;:{&quot;attribute_medida&quot;:&quot;180 x 220 cm&quot;},&quot;availability_html&quot;:&quot;&lt;p class=\\&quot;stock in-stock\\&quot;&gt;6 in stock&lt;\\\/p&gt;\\n&quot;,&quot;backorders_allowed&quot;:false,&quot;dimensions&quot;:{&quot;length&quot;:&quot;&quot;,&quot;width&quot;:&quot;&quot;,&quot;height&quot;:&quot;&quot;},&quot;dimensions_html&quot;:&quot;N\\\/A&quot;,&quot;display_price&quot;:37.99,&quot;display_regular_price&quot;:37.99,&quot;image&quot;:{&quot;title&quot;:&quot;Edred\\u00e3o N\\u00f3rdico 400g Dobrado&quot;,&quot;caption&quot;:&quot;Edred\\u00e3o n\\u00f3rdico 400g da LeCamaleon, preparado para noites mais quentes e confort\\u00e1veis.&quot;,&quot;url&quot;:&quot;https:\\\/\\\/www.lecamaleon.com\\\/wp-content\\\/uploads\\\/2023\\\/11\\\/edredao-nordico-2025.jpg&quot;,&quot;alt&quot;:&quot;Edred\\u00e3o n\\u00f3rdico branco de 400g dobrado sobre a cama, mostrando o volume e suavidade do enchimento.&quot;,&quot;src&quot;:&quot;https:\\\/\\\/www.lecamaleon.com\\\/wp-content\\\/uploads\\\/2023\\\/11\\\/edredao-nordico-2025-1000x1333.jpg&quot;,&quot;srcset&quot;:&quot;https:\\\/\\\/www.lecamaleon.com\\\/wp-content\\\/uploads\\\/2023\\\/11\\\/edredao-nordico-2025-1000x1333.jpg 1000w, https:\\\/\\\/www.lecamaleon.com\\\/wp-content\\\/uploads\\\/2023\\\/11\\\/edredao-nordico-2025-225x300.jpg 225w, https:\\\/\\\/www.lecamaleon.com\\\/wp-content\\\/uploads\\\/2023\\\/11\\\/edredao-nordico-2025-768x1024.jpg 768w, https:\\\/\\\/www.lecamaleon.com\\\/wp-content\\\/uploads\\\/2023\\\/11\\\/edredao-nordico-2025-9x12.jpg 9w, https:\\\/\\\/www.lecamaleon.com\\\/wp-content\\\/uploads\\\/2023\\\/11\\\/edredao-nordico-2025-300x400.jpg 300w, https:\\\/\\\/www.lecamaleon.com\\\/wp-content\\\/uploads\\\/2023\\\/11\\\/edredao-nordico-2025.jpg 1080w&quot;,&quot;sizes&quot;:&quot;(max-width: 1000px) 100vw, 1000px&quot;,&quot;full_src&quot;:&quot;https:\\\/\\\/www.lecamaleon.com\\\/wp-content\\\/uploads\\\/2023\\\/11\\\/edredao-nordico-2025.jpg&quot;,&quot;full_src_w&quot;:1080,&quot;full_src_h&quot;:1440,&quot;gallery_thumbnail_src&quot;:&quot;https:\\\/\\\/www.lecamaleon.com\\\/wp-content\\\/uploads\\\/2023\\\/11\\\/edredao-nordico-2025-100x100.jpg&quot;,&quot;gallery_thumbnail_src_w&quot;:100,&quot;gallery_thumbnail_src_h&quot;:100,&quot;thumb_src&quot;:&quot;https:\\\/\\\/www.lecamaleon.com\\\/wp-content\\\/uploads\\\/2023\\\/11\\\/edredao-nordico-2025-300x400.jpg&quot;,&quot;thumb_src_w&quot;:300,&quot;thumb_src_h&quot;:400,&quot;src_w&quot;:1000,&quot;src_h&quot;:1333},&quot;image_id&quot;:4405,&quot;is_downloadable&quot;:false,&quot;is_in_stock&quot;:true,&quot;is_purchasable&quot;:true,&quot;is_sold_individually&quot;:&quot;no&quot;,&quot;is_virtual&quot;:false,&quot;max_qty&quot;:6,&quot;min_qty&quot;:1,&quot;price_html&quot;:&quot;&lt;span class=\\&quot;price\\&quot;&gt;&lt;span class=\\&quot;woocommerce-Price-amount amount\\&quot;&gt;&lt;bdi&gt;37,99&amp;nbsp;&lt;span class=\\&quot;woocommerce-Price-currencySymbol\\&quot;&gt;&amp;euro;&lt;\\\/span&gt;&lt;\\\/bdi&gt;&lt;\\\/span&gt;&lt;\\\/span&gt;&quot;,&quot;sku&quot;:&quot;3312180220&quot;,&quot;variation_description&quot;:&quot;&quot;,&quot;variation_id&quot;:1995,&quot;variation_is_active&quot;:true,&quot;variation_is_visible&quot;:true,&quot;weight&quot;:&quot;&quot;,&quot;weight_html&quot;:&quot;N\\\/A&quot;,&quot;ean&quot;:&quot;8494040304549&quot;,&quot;display_name&quot;:&quot;Edred\\u00e3o N\\u00f3rdico de Inverno 400 GR&lt;span&gt; - &lt;\\\/span&gt;180 x 220 cm&quot;},{&quot;attributes&quot;:{&quot;attribute_medida&quot;:&quot;200 x 220 cm&quot;},&quot;availability_html&quot;:&quot;&lt;p class=\\&quot;stock in-stock\\&quot;&gt;9 in stock&lt;\\\/p&gt;\\n&quot;,&quot;backorders_allowed&quot;:false,&quot;dimensions&quot;:{&quot;length&quot;:&quot;&quot;,&quot;width&quot;:&quot;&quot;,&quot;height&quot;:&quot;&quot;},&quot;dimensions_html&quot;:&quot;N\\\/A&quot;,&quot;display_price&quot;:39.99,&quot;display_regular_price&quot;:39.99,&quot;image&quot;:{&quot;title&quot;:&quot;Edred\\u00e3o N\\u00f3rdico 400g Dobrado&quot;,&quot;caption&quot;:&quot;Edred\\u00e3o n\\u00f3rdico 400g da LeCamaleon, preparado para noites mais quentes e confort\\u00e1veis.&quot;,&quot;url&quot;:&quot;https:\\\/\\\/www.lecamaleon.com\\\/wp-content\\\/uploads\\\/2023\\\/11\\\/edredao-nordico-2025.jpg&quot;,&quot;alt&quot;:&quot;Edred\\u00e3o n\\u00f3rdico branco de 400g dobrado sobre a cama, mostrando o volume e suavidade do enchimento.&quot;,&quot;src&quot;:&quot;https:\\\/\\\/www.lecamaleon.com\\\/wp-content\\\/uploads\\\/2023\\\/11\\\/edredao-nordico-2025-1000x1333.jpg&quot;,&quot;srcset&quot;:&quot;https:\\\/\\\/www.lecamaleon.com\\\/wp-content\\\/uploads\\\/2023\\\/11\\\/edredao-nordico-2025-1000x1333.jpg 1000w, https:\\\/\\\/www.lecamaleon.com\\\/wp-content\\\/uploads\\\/2023\\\/11\\\/edredao-nordico-2025-225x300.jpg 225w, https:\\\/\\\/www.lecamaleon.com\\\/wp-content\\\/uploads\\\/2023\\\/11\\\/edredao-nordico-2025-768x1024.jpg 768w, https:\\\/\\\/www.lecamaleon.com\\\/wp-content\\\/uploads\\\/2023\\\/11\\\/edredao-nordico-2025-9x12.jpg 9w, https:\\\/\\\/www.lecamaleon.com\\\/wp-content\\\/uploads\\\/2023\\\/11\\\/edredao-nordico-2025-300x400.jpg 300w, https:\\\/\\\/www.lecamaleon.com\\\/wp-content\\\/uploads\\\/2023\\\/11\\\/edredao-nordico-2025.jpg 1080w&quot;,&quot;sizes&quot;:&quot;(max-width: 1000px) 100vw, 1000px&quot;,&quot;full_src&quot;:&quot;https:\\\/\\\/www.lecamaleon.com\\\/wp-content\\\/uploads\\\/2023\\\/11\\\/edredao-nordico-2025.jpg&quot;,&quot;full_src_w&quot;:1080,&quot;full_src_h&quot;:1440,&quot;gallery_thumbnail_src&quot;:&quot;https:\\\/\\\/www.lecamaleon.com\\\/wp-content\\\/uploads\\\/2023\\\/11\\\/edredao-nordico-2025-100x100.jpg&quot;,&quot;gallery_thumbnail_src_w&quot;:100,&quot;gallery_thumbnail_src_h&quot;:100,&quot;thumb_src&quot;:&quot;https:\\\/\\\/www.lecamaleon.com\\\/wp-content\\\/uploads\\\/2023\\\/11\\\/edredao-nordico-2025-300x400.jpg&quot;,&quot;thumb_src_w&quot;:300,&quot;thumb_src_h&quot;:400,&quot;src_w&quot;:1000,&quot;src_h&quot;:1333},&quot;image_id&quot;:4405,&quot;is_downloadable&quot;:false,&quot;is_in_stock&quot;:true,&quot;is_purchasable&quot;:true,&quot;is_sold_individually&quot;:&quot;no&quot;,&quot;is_virtual&quot;:false,&quot;max_qty&quot;:9,&quot;min_qty&quot;:1,&quot;price_html&quot;:&quot;&lt;span class=\\&quot;price\\&quot;&gt;&lt;span class=\\&quot;woocommerce-Price-amount amount\\&quot;&gt;&lt;bdi&gt;39,99&amp;nbsp;&lt;span class=\\&quot;woocommerce-Price-currencySymbol\\&quot;&gt;&amp;euro;&lt;\\\/span&gt;&lt;\\\/bdi&gt;&lt;\\\/span&gt;&lt;\\\/span&gt;&quot;,&quot;sku&quot;:&quot;3312200220&quot;,&quot;variation_description&quot;:&quot;&quot;,&quot;variation_id&quot;:1996,&quot;variation_is_active&quot;:true,&quot;variation_is_visible&quot;:true,&quot;weight&quot;:&quot;&quot;,&quot;weight_html&quot;:&quot;N\\\/A&quot;,&quot;ean&quot;:&quot;8494040304556&quot;,&quot;display_name&quot;:&quot;Edred\\u00e3o N\\u00f3rdico de Inverno 400 GR&lt;span&gt; - &lt;\\\/span&gt;200 x 220 cm&quot;},{&quot;attributes&quot;:{&quot;attribute_medida&quot;:&quot;220 x 220 cm&quot;},&quot;availability_html&quot;:&quot;&lt;p class=\\&quot;stock in-stock\\&quot;&gt;10 in stock&lt;\\\/p&gt;\\n&quot;,&quot;backorders_allowed&quot;:false,&quot;dimensions&quot;:{&quot;length&quot;:&quot;&quot;,&quot;width&quot;:&quot;&quot;,&quot;height&quot;:&quot;&quot;},&quot;dimensions_html&quot;:&quot;N\\\/A&quot;,&quot;display_price&quot;:40.99,&quot;display_regular_price&quot;:40.99,&quot;image&quot;:{&quot;title&quot;:&quot;Edred\\u00e3o N\\u00f3rdico 400g Dobrado&quot;,&quot;caption&quot;:&quot;Edred\\u00e3o n\\u00f3rdico 400g da LeCamaleon, preparado para noites mais quentes e confort\\u00e1veis.&quot;,&quot;url&quot;:&quot;https:\\\/\\\/www.lecamaleon.com\\\/wp-content\\\/uploads\\\/2023\\\/11\\\/edredao-nordico-2025.jpg&quot;,&quot;alt&quot;:&quot;Edred\\u00e3o n\\u00f3rdico branco de 400g dobrado sobre a cama, mostrando o volume e suavidade do enchimento.&quot;,&quot;src&quot;:&quot;https:\\\/\\\/www.lecamaleon.com\\\/wp-content\\\/uploads\\\/2023\\\/11\\\/edredao-nordico-2025-1000x1333.jpg&quot;,&quot;srcset&quot;:&quot;https:\\\/\\\/www.lecamaleon.com\\\/wp-content\\\/uploads\\\/2023\\\/11\\\/edredao-nordico-2025-1000x1333.jpg 1000w, https:\\\/\\\/www.lecamaleon.com\\\/wp-content\\\/uploads\\\/2023\\\/11\\\/edredao-nordico-2025-225x300.jpg 225w, https:\\\/\\\/www.lecamaleon.com\\\/wp-content\\\/uploads\\\/2023\\\/11\\\/edredao-nordico-2025-768x1024.jpg 768w, https:\\\/\\\/www.lecamaleon.com\\\/wp-content\\\/uploads\\\/2023\\\/11\\\/edredao-nordico-2025-9x12.jpg 9w, https:\\\/\\\/www.lecamaleon.com\\\/wp-content\\\/uploads\\\/2023\\\/11\\\/edredao-nordico-2025-300x400.jpg 300w, https:\\\/\\\/www.lecamaleon.com\\\/wp-content\\\/uploads\\\/2023\\\/11\\\/edredao-nordico-2025.jpg 1080w&quot;,&quot;sizes&quot;:&quot;(max-width: 1000px) 100vw, 1000px&quot;,&quot;full_src&quot;:&quot;https:\\\/\\\/www.lecamaleon.com\\\/wp-content\\\/uploads\\\/2023\\\/11\\\/edredao-nordico-2025.jpg&quot;,&quot;full_src_w&quot;:1080,&quot;full_src_h&quot;:1440,&quot;gallery_thumbnail_src&quot;:&quot;https:\\\/\\\/www.lecamaleon.com\\\/wp-content\\\/uploads\\\/2023\\\/11\\\/edredao-nordico-2025-100x100.jpg&quot;,&quot;gallery_thumbnail_src_w&quot;:100,&quot;gallery_thumbnail_src_h&quot;:100,&quot;thumb_src&quot;:&quot;https:\\\/\\\/www.lecamaleon.com\\\/wp-content\\\/uploads\\\/2023\\\/11\\\/edredao-nordico-2025-300x400.jpg&quot;,&quot;thumb_src_w&quot;:300,&quot;thumb_src_h&quot;:400,&quot;src_w&quot;:1000,&quot;src_h&quot;:1333},&quot;image_id&quot;:4405,&quot;is_downloadable&quot;:false,&quot;is_in_stock&quot;:true,&quot;is_purchasable&quot;:true,&quot;is_sold_individually&quot;:&quot;no&quot;,&quot;is_virtual&quot;:false,&quot;max_qty&quot;:10,&quot;min_qty&quot;:1,&quot;price_html&quot;:&quot;&lt;span class=\\&quot;price\\&quot;&gt;&lt;span class=\\&quot;woocommerce-Price-amount amount\\&quot;&gt;&lt;bdi&gt;40,99&amp;nbsp;&lt;span class=\\&quot;woocommerce-Price-currencySymbol\\&quot;&gt;&amp;euro;&lt;\\\/span&gt;&lt;\\\/bdi&gt;&lt;\\\/span&gt;&lt;\\\/span&gt;&quot;,&quot;sku&quot;:&quot;3312220220&quot;,&quot;variation_description&quot;:&quot;&quot;,&quot;variation_id&quot;:1997,&quot;variation_is_active&quot;:true,&quot;variation_is_visible&quot;:true,&quot;weight&quot;:&quot;&quot;,&quot;weight_html&quot;:&quot;N\\\/A&quot;,&quot;ean&quot;:&quot;8494040304563&quot;,&quot;display_name&quot;:&quot;Edred\\u00e3o N\\u00f3rdico de Inverno 400 GR&lt;span&gt; - &lt;\\\/span&gt;220 x 220 cm&quot;},{&quot;attributes&quot;:{&quot;attribute_medida&quot;:&quot;240 x 220 cm&quot;},&quot;availability_html&quot;:&quot;&lt;p class=\\&quot;stock in-stock\\&quot;&gt;10 in stock&lt;\\\/p&gt;\\n&quot;,&quot;backorders_allowed&quot;:false,&quot;dimensions&quot;:{&quot;length&quot;:&quot;&quot;,&quot;width&quot;:&quot;&quot;,&quot;height&quot;:&quot;&quot;},&quot;dimensions_html&quot;:&quot;N\\\/A&quot;,&quot;display_price&quot;:41.99,&quot;display_regular_price&quot;:41.99,&quot;image&quot;:{&quot;title&quot;:&quot;Edred\\u00e3o N\\u00f3rdico 400g Dobrado&quot;,&quot;caption&quot;:&quot;Edred\\u00e3o n\\u00f3rdico 400g da LeCamaleon, preparado para noites mais quentes e confort\\u00e1veis.&quot;,&quot;url&quot;:&quot;https:\\\/\\\/www.lecamaleon.com\\\/wp-content\\\/uploads\\\/2023\\\/11\\\/edredao-nordico-2025.jpg&quot;,&quot;alt&quot;:&quot;Edred\\u00e3o n\\u00f3rdico branco de 400g dobrado sobre a cama, mostrando o volume e suavidade do enchimento.&quot;,&quot;src&quot;:&quot;https:\\\/\\\/www.lecamaleon.com\\\/wp-content\\\/uploads\\\/2023\\\/11\\\/edredao-nordico-2025-1000x1333.jpg&quot;,&quot;srcset&quot;:&quot;https:\\\/\\\/www.lecamaleon.com\\\/wp-content\\\/uploads\\\/2023\\\/11\\\/edredao-nordico-2025-1000x1333.jpg 1000w, https:\\\/\\\/www.lecamaleon.com\\\/wp-content\\\/uploads\\\/2023\\\/11\\\/edredao-nordico-2025-225x300.jpg 225w, https:\\\/\\\/www.lecamaleon.com\\\/wp-content\\\/uploads\\\/2023\\\/11\\\/edredao-nordico-2025-768x1024.jpg 768w, https:\\\/\\\/www.lecamaleon.com\\\/wp-content\\\/uploads\\\/2023\\\/11\\\/edredao-nordico-2025-9x12.jpg 9w, https:\\\/\\\/www.lecamaleon.com\\\/wp-content\\\/uploads\\\/2023\\\/11\\\/edredao-nordico-2025-300x400.jpg 300w, https:\\\/\\\/www.lecamaleon.com\\\/wp-content\\\/uploads\\\/2023\\\/11\\\/edredao-nordico-2025.jpg 1080w&quot;,&quot;sizes&quot;:&quot;(max-width: 1000px) 100vw, 1000px&quot;,&quot;full_src&quot;:&quot;https:\\\/\\\/www.lecamaleon.com\\\/wp-content\\\/uploads\\\/2023\\\/11\\\/edredao-nordico-2025.jpg&quot;,&quot;full_src_w&quot;:1080,&quot;full_src_h&quot;:1440,&quot;gallery_thumbnail_src&quot;:&quot;https:\\\/\\\/www.lecamaleon.com\\\/wp-content\\\/uploads\\\/2023\\\/11\\\/edredao-nordico-2025-100x100.jpg&quot;,&quot;gallery_thumbnail_src_w&quot;:100,&quot;gallery_thumbnail_src_h&quot;:100,&quot;thumb_src&quot;:&quot;https:\\\/\\\/www.lecamaleon.com\\\/wp-content\\\/uploads\\\/2023\\\/11\\\/edredao-nordico-2025-300x400.jpg&quot;,&quot;thumb_src_w&quot;:300,&quot;thumb_src_h&quot;:400,&quot;src_w&quot;:1000,&quot;src_h&quot;:1333},&quot;image_id&quot;:4405,&quot;is_downloadable&quot;:false,&quot;is_in_stock&quot;:true,&quot;is_purchasable&quot;:true,&quot;is_sold_individually&quot;:&quot;no&quot;,&quot;is_virtual&quot;:false,&quot;max_qty&quot;:10,&quot;min_qty&quot;:1,&quot;price_html&quot;:&quot;&lt;span class=\\&quot;price\\&quot;&gt;&lt;span class=\\&quot;woocommerce-Price-amount amount\\&quot;&gt;&lt;bdi&gt;41,99&amp;nbsp;&lt;span class=\\&quot;woocommerce-Price-currencySymbol\\&quot;&gt;&amp;euro;&lt;\\\/span&gt;&lt;\\\/bdi&gt;&lt;\\\/span&gt;&lt;\\\/span&gt;&quot;,&quot;sku&quot;:&quot;3312240220&quot;,&quot;variation_description&quot;:&quot;&quot;,&quot;variation_id&quot;:1998,&quot;variation_is_active&quot;:true,&quot;variation_is_visible&quot;:true,&quot;weight&quot;:&quot;&quot;,&quot;weight_html&quot;:&quot;N\\\/A&quot;,&quot;ean&quot;:&quot;8494040304570&quot;,&quot;display_name&quot;:&quot;Edred\\u00e3o N\\u00f3rdico de Inverno 400 GR&lt;span&gt; - &lt;\\\/span&gt;240 x 220 cm&quot;},{&quot;attributes&quot;:{&quot;attribute_medida&quot;:&quot;260 x 240 cm&quot;},&quot;availability_html&quot;:&quot;&lt;p class=\\&quot;stock in-stock\\&quot;&gt;10 in stock&lt;\\\/p&gt;\\n&quot;,&quot;backorders_allowed&quot;:false,&quot;dimensions&quot;:{&quot;length&quot;:&quot;&quot;,&quot;width&quot;:&quot;&quot;,&quot;height&quot;:&quot;&quot;},&quot;dimensions_html&quot;:&quot;N\\\/A&quot;,&quot;display_price&quot;:42.99,&quot;display_regular_price&quot;:42.99,&quot;image&quot;:{&quot;title&quot;:&quot;Edred\\u00e3o N\\u00f3rdico 400g Dobrado&quot;,&quot;caption&quot;:&quot;Edred\\u00e3o n\\u00f3rdico 400g da LeCamaleon, preparado para noites mais quentes e confort\\u00e1veis.&quot;,&quot;url&quot;:&quot;https:\\\/\\\/www.lecamaleon.com\\\/wp-content\\\/uploads\\\/2023\\\/11\\\/edredao-nordico-2025.jpg&quot;,&quot;alt&quot;:&quot;Edred\\u00e3o n\\u00f3rdico branco de 400g dobrado sobre a cama, mostrando o volume e suavidade do enchimento.&quot;,&quot;src&quot;:&quot;https:\\\/\\\/www.lecamaleon.com\\\/wp-content\\\/uploads\\\/2023\\\/11\\\/edredao-nordico-2025-1000x1333.jpg&quot;,&quot;srcset&quot;:&quot;https:\\\/\\\/www.lecamaleon.com\\\/wp-content\\\/uploads\\\/2023\\\/11\\\/edredao-nordico-2025-1000x1333.jpg 1000w, https:\\\/\\\/www.lecamaleon.com\\\/wp-content\\\/uploads\\\/2023\\\/11\\\/edredao-nordico-2025-225x300.jpg 225w, https:\\\/\\\/www.lecamaleon.com\\\/wp-content\\\/uploads\\\/2023\\\/11\\\/edredao-nordico-2025-768x1024.jpg 768w, https:\\\/\\\/www.lecamaleon.com\\\/wp-content\\\/uploads\\\/2023\\\/11\\\/edredao-nordico-2025-9x12.jpg 9w, https:\\\/\\\/www.lecamaleon.com\\\/wp-content\\\/uploads\\\/2023\\\/11\\\/edredao-nordico-2025-300x400.jpg 300w, https:\\\/\\\/www.lecamaleon.com\\\/wp-content\\\/uploads\\\/2023\\\/11\\\/edredao-nordico-2025.jpg 1080w&quot;,&quot;sizes&quot;:&quot;(max-width: 1000px) 100vw, 1000px&quot;,&quot;full_src&quot;:&quot;https:\\\/\\\/www.lecamaleon.com\\\/wp-content\\\/uploads\\\/2023\\\/11\\\/edredao-nordico-2025.jpg&quot;,&quot;full_src_w&quot;:1080,&quot;full_src_h&quot;:1440,&quot;gallery_thumbnail_src&quot;:&quot;https:\\\/\\\/www.lecamaleon.com\\\/wp-content\\\/uploads\\\/2023\\\/11\\\/edredao-nordico-2025-100x100.jpg&quot;,&quot;gallery_thumbnail_src_w&quot;:100,&quot;gallery_thumbnail_src_h&quot;:100,&quot;thumb_src&quot;:&quot;https:\\\/\\\/www.lecamaleon.com\\\/wp-content\\\/uploads\\\/2023\\\/11\\\/edredao-nordico-2025-300x400.jpg&quot;,&quot;thumb_src_w&quot;:300,&quot;thumb_src_h&quot;:400,&quot;src_w&quot;:1000,&quot;src_h&quot;:1333},&quot;image_id&quot;:4405,&quot;is_downloadable&quot;:false,&quot;is_in_stock&quot;:true,&quot;is_purchasable&quot;:true,&quot;is_sold_individually&quot;:&quot;no&quot;,&quot;is_virtual&quot;:false,&quot;max_qty&quot;:10,&quot;min_qty&quot;:1,&quot;price_html&quot;:&quot;&lt;span class=\\&quot;price\\&quot;&gt;&lt;span class=\\&quot;woocommerce-Price-amount amount\\&quot;&gt;&lt;bdi&gt;42,99&amp;nbsp;&lt;span class=\\&quot;woocommerce-Price-currencySymbol\\&quot;&gt;&amp;euro;&lt;\\\/span&gt;&lt;\\\/bdi&gt;&lt;\\\/span&gt;&lt;\\\/span&gt;&quot;,&quot;sku&quot;:&quot;3312260240&quot;,&quot;variation_description&quot;:&quot;&quot;,&quot;variation_id&quot;:1999,&quot;variation_is_active&quot;:true,&quot;variation_is_visible&quot;:true,&quot;weight&quot;:&quot;&quot;,&quot;weight_html&quot;:&quot;N\\\/A&quot;,&quot;ean&quot;:&quot;8494040304587&quot;,&quot;display_name&quot;:&quot;Edred\\u00e3o N\\u00f3rdico de Inverno 400 GR&lt;span&gt; - &lt;\\\/span&gt;260 x 240 cm&quot;},{&quot;attributes&quot;:{&quot;attribute_medida&quot;:&quot;280 x 240 cm&quot;},&quot;availability_html&quot;:&quot;&lt;p class=\\&quot;stock in-stock\\&quot;&gt;10 in stock&lt;\\\/p&gt;\\n&quot;,&quot;backorders_allowed&quot;:false,&quot;dimensions&quot;:{&quot;length&quot;:&quot;&quot;,&quot;width&quot;:&quot;&quot;,&quot;height&quot;:&quot;&quot;},&quot;dimensions_html&quot;:&quot;N\\\/A&quot;,&quot;display_price&quot;:44.99,&quot;display_regular_price&quot;:44.99,&quot;image&quot;:{&quot;title&quot;:&quot;Edred\\u00e3o N\\u00f3rdico 400g Dobrado&quot;,&quot;caption&quot;:&quot;Edred\\u00e3o n\\u00f3rdico 400g da LeCamaleon, preparado para noites mais quentes e confort\\u00e1veis.&quot;,&quot;url&quot;:&quot;https:\\\/\\\/www.lecamaleon.com\\\/wp-content\\\/uploads\\\/2023\\\/11\\\/edredao-nordico-2025.jpg&quot;,&quot;alt&quot;:&quot;Edred\\u00e3o n\\u00f3rdico branco de 400g dobrado sobre a cama, mostrando o volume e suavidade do enchimento.&quot;,&quot;src&quot;:&quot;https:\\\/\\\/www.lecamaleon.com\\\/wp-content\\\/uploads\\\/2023\\\/11\\\/edredao-nordico-2025-1000x1333.jpg&quot;,&quot;srcset&quot;:&quot;https:\\\/\\\/www.lecamaleon.com\\\/wp-content\\\/uploads\\\/2023\\\/11\\\/edredao-nordico-2025-1000x1333.jpg 1000w, https:\\\/\\\/www.lecamaleon.com\\\/wp-content\\\/uploads\\\/2023\\\/11\\\/edredao-nordico-2025-225x300.jpg 225w, https:\\\/\\\/www.lecamaleon.com\\\/wp-content\\\/uploads\\\/2023\\\/11\\\/edredao-nordico-2025-768x1024.jpg 768w, https:\\\/\\\/www.lecamaleon.com\\\/wp-content\\\/uploads\\\/2023\\\/11\\\/edredao-nordico-2025-9x12.jpg 9w, https:\\\/\\\/www.lecamaleon.com\\\/wp-content\\\/uploads\\\/2023\\\/11\\\/edredao-nordico-2025-300x400.jpg 300w, https:\\\/\\\/www.lecamaleon.com\\\/wp-content\\\/uploads\\\/2023\\\/11\\\/edredao-nordico-2025.jpg 1080w&quot;,&quot;sizes&quot;:&quot;(max-width: 1000px) 100vw, 1000px&quot;,&quot;full_src&quot;:&quot;https:\\\/\\\/www.lecamaleon.com\\\/wp-content\\\/uploads\\\/2023\\\/11\\\/edredao-nordico-2025.jpg&quot;,&quot;full_src_w&quot;:1080,&quot;full_src_h&quot;:1440,&quot;gallery_thumbnail_src&quot;:&quot;https:\\\/\\\/www.lecamaleon.com\\\/wp-content\\\/uploads\\\/2023\\\/11\\\/edredao-nordico-2025-100x100.jpg&quot;,&quot;gallery_thumbnail_src_w&quot;:100,&quot;gallery_thumbnail_src_h&quot;:100,&quot;thumb_src&quot;:&quot;https:\\\/\\\/www.lecamaleon.com\\\/wp-content\\\/uploads\\\/2023\\\/11\\\/edredao-nordico-2025-300x400.jpg&quot;,&quot;thumb_src_w&quot;:300,&quot;thumb_src_h&quot;:400,&quot;src_w&quot;:1000,&quot;src_h&quot;:1333},&quot;image_id&quot;:4405,&quot;is_downloadable&quot;:false,&quot;is_in_stock&quot;:true,&quot;is_purchasable&quot;:true,&quot;is_sold_individually&quot;:&quot;no&quot;,&quot;is_virtual&quot;:false,&quot;max_qty&quot;:10,&quot;min_qty&quot;:1,&quot;price_html&quot;:&quot;&lt;span class=\\&quot;price\\&quot;&gt;&lt;span class=\\&quot;woocommerce-Price-amount amount\\&quot;&gt;&lt;bdi&gt;44,99&amp;nbsp;&lt;span class=\\&quot;woocommerce-Price-currencySymbol\\&quot;&gt;&amp;euro;&lt;\\\/span&gt;&lt;\\\/bdi&gt;&lt;\\\/span&gt;&lt;\\\/span&gt;&quot;,&quot;sku&quot;:&quot;3312280240&quot;,&quot;variation_description&quot;:&quot;&quot;,&quot;variation_id&quot;:2000,&quot;variation_is_active&quot;:true,&quot;variation_is_visible&quot;:true,&quot;weight&quot;:&quot;&quot;,&quot;weight_html&quot;:&quot;N\\\/A&quot;,&quot;ean&quot;:&quot;8494040304594&quot;,&quot;display_name&quot;:&quot;Edred\\u00e3o N\\u00f3rdico de Inverno 400 GR&lt;span&gt; - &lt;\\\/span&gt;280 x 240 cm&quot;},{&quot;attributes&quot;:{&quot;attribute_medida&quot;:&quot;300 x 240 cm&quot;},&quot;availability_html&quot;:&quot;&lt;p class=\\&quot;stock in-stock\\&quot;&gt;10 in stock&lt;\\\/p&gt;\\n&quot;,&quot;backorders_allowed&quot;:false,&quot;dimensions&quot;:{&quot;length&quot;:&quot;&quot;,&quot;width&quot;:&quot;&quot;,&quot;height&quot;:&quot;&quot;},&quot;dimensions_html&quot;:&quot;N\\\/A&quot;,&quot;display_price&quot;:46.99,&quot;display_regular_price&quot;:46.99,&quot;image&quot;:{&quot;title&quot;:&quot;Edred\\u00e3o N\\u00f3rdico 400g Dobrado&quot;,&quot;caption&quot;:&quot;Edred\\u00e3o n\\u00f3rdico 400g da LeCamaleon, preparado para noites mais quentes e confort\\u00e1veis.&quot;,&quot;url&quot;:&quot;https:\\\/\\\/www.lecamaleon.com\\\/wp-content\\\/uploads\\\/2023\\\/11\\\/edredao-nordico-2025.jpg&quot;,&quot;alt&quot;:&quot;Edred\\u00e3o n\\u00f3rdico branco de 400g dobrado sobre a cama, mostrando o volume e suavidade do enchimento.&quot;,&quot;src&quot;:&quot;https:\\\/\\\/www.lecamaleon.com\\\/wp-content\\\/uploads\\\/2023\\\/11\\\/edredao-nordico-2025-1000x1333.jpg&quot;,&quot;srcset&quot;:&quot;https:\\\/\\\/www.lecamaleon.com\\\/wp-content\\\/uploads\\\/2023\\\/11\\\/edredao-nordico-2025-1000x1333.jpg 1000w, https:\\\/\\\/www.lecamaleon.com\\\/wp-content\\\/uploads\\\/2023\\\/11\\\/edredao-nordico-2025-225x300.jpg 225w, https:\\\/\\\/www.lecamaleon.com\\\/wp-content\\\/uploads\\\/2023\\\/11\\\/edredao-nordico-2025-768x1024.jpg 768w, https:\\\/\\\/www.lecamaleon.com\\\/wp-content\\\/uploads\\\/2023\\\/11\\\/edredao-nordico-2025-9x12.jpg 9w, https:\\\/\\\/www.lecamaleon.com\\\/wp-content\\\/uploads\\\/2023\\\/11\\\/edredao-nordico-2025-300x400.jpg 300w, https:\\\/\\\/www.lecamaleon.com\\\/wp-content\\\/uploads\\\/2023\\\/11\\\/edredao-nordico-2025.jpg 1080w&quot;,&quot;sizes&quot;:&quot;(max-width: 1000px) 100vw, 1000px&quot;,&quot;full_src&quot;:&quot;https:\\\/\\\/www.lecamaleon.com\\\/wp-content\\\/uploads\\\/2023\\\/11\\\/edredao-nordico-2025.jpg&quot;,&quot;full_src_w&quot;:1080,&quot;full_src_h&quot;:1440,&quot;gallery_thumbnail_src&quot;:&quot;https:\\\/\\\/www.lecamaleon.com\\\/wp-content\\\/uploads\\\/2023\\\/11\\\/edredao-nordico-2025-100x100.jpg&quot;,&quot;gallery_thumbnail_src_w&quot;:100,&quot;gallery_thumbnail_src_h&quot;:100,&quot;thumb_src&quot;:&quot;https:\\\/\\\/www.lecamaleon.com\\\/wp-content\\\/uploads\\\/2023\\\/11\\\/edredao-nordico-2025-300x400.jpg&quot;,&quot;thumb_src_w&quot;:300,&quot;thumb_src_h&quot;:400,&quot;src_w&quot;:1000,&quot;src_h&quot;:1333},&quot;image_id&quot;:4405,&quot;is_downloadable&quot;:false,&quot;is_in_stock&quot;:true,&quot;is_purchasable&quot;:true,&quot;is_sold_individually&quot;:&quot;no&quot;,&quot;is_virtual&quot;:false,&quot;max_qty&quot;:10,&quot;min_qty&quot;:1,&quot;price_html&quot;:&quot;&lt;span class=\\&quot;price\\&quot;&gt;&lt;span class=\\&quot;woocommerce-Price-amount amount\\&quot;&gt;&lt;bdi&gt;46,99&amp;nbsp;&lt;span class=\\&quot;woocommerce-Price-currencySymbol\\&quot;&gt;&amp;euro;&lt;\\\/span&gt;&lt;\\\/bdi&gt;&lt;\\\/span&gt;&lt;\\\/span&gt;&quot;,&quot;sku&quot;:&quot;3312300240&quot;,&quot;variation_description&quot;:&quot;&quot;,&quot;variation_id&quot;:2001,&quot;variation_is_active&quot;:true,&quot;variation_is_visible&quot;:true,&quot;weight&quot;:&quot;&quot;,&quot;weight_html&quot;:&quot;N\\\/A&quot;,&quot;ean&quot;:&quot;8494040304600&quot;,&quot;display_name&quot;:&quot;Edred\\u00e3o N\\u00f3rdico de Inverno 400 GR&lt;span&gt; - &lt;\\\/span&gt;300 x 240 cm&quot;}]\">\n\t\n\t\t\t<table class=\"variations\" cellspacing=\"0\" role=\"presentation\">\n\t\t\t<tbody>\n\t\t\t\t\t\t\t\t\t<tr>\n\t\t\t\t\t\t<th class=\"label\"><label for=\"medida\">Medida<\/label><\/th>\n\t\t\t\t\t\t<td class=\"value\">\n\t\t\t\t\t\t\t<select id=\"medida\" class=\"\" name=\"attribute_medida\" data-attribute_name=\"attribute_medida\" data-show_option_none=\"yes\"><option value=\"\">Choose an option<\/option><option value=\"150 x 220 cm\" >150 x 220 cm<\/option><option value=\"180 x 220 cm\" >180 x 220 cm<\/option><option value=\"200 x 220 cm\" >200 x 220 cm<\/option><option value=\"220 x 220 cm\" >220 x 220 cm<\/option><option value=\"240 x 220 cm\" >240 x 220 cm<\/option><option value=\"260 x 240 cm\" >260 x 240 cm<\/option><option value=\"280 x 240 cm\" >280 x 240 cm<\/option><option value=\"300 x 240 cm\" >300 x 240 cm<\/option><\/select><a class=\"reset_variations\" href=\"#\" aria-label=\"Clear options\">Clear<\/a>\t\t\t\t\t\t<\/td>\n\t\t\t\t\t<\/tr>\n\t\t\t\t\t\t\t<\/tbody>\n\t\t<\/table>\n\t\t<div class=\"reset_variations_alert screen-reader-text\" role=\"alert\" aria-live=\"polite\" aria-relevant=\"all\"><\/div>\n\t\t\n\t\t<div class=\"single_variation_wrap\">\n\t\t\t<div class=\"woocommerce-variation single_variation\" role=\"alert\" aria-relevant=\"additions\"><\/div><div class=\"woocommerce-variation-add-to-cart variations_button\">\n\t\n\t<div class=\"quantity\">\n\t\t<label class=\"screen-reader-text\" for=\"quantity_69f0e89f5ef53\">Edred\u00e3o N\u00f3rdico de Inverno 400 GR quantity<\/label>\n\t<input\n\t\ttype=\"number\"\n\t\t\t\tid=\"quantity_69f0e89f5ef53\"\n\t\tclass=\"input-text qty text\"\n\t\tname=\"quantity\"\n\t\tvalue=\"1\"\n\t\taria-label=\"Product quantity\"\n\t\t\t\tmin=\"1\"\n\t\t\t\t\tmax=\"10\"\n\t\t\t\t\t\t\tstep=\"1\"\n\t\t\tplaceholder=\"\"\n\t\t\tinputmode=\"numeric\"\n\t\t\tautocomplete=\"off\"\n\t\t\t\/>\n\t<\/div>\n\n\t<button type=\"submit\" class=\"single_add_to_cart_button button alt\">Add to basket<\/button>\n\n\t\n\t<input type=\"hidden\" name=\"add-to-cart\" value=\"1895\" \/>\n\t<input type=\"hidden\" name=\"product_id\" value=\"1895\" \/>\n\t<input type=\"hidden\" name=\"variation_id\" class=\"variation_id\" value=\"0\" \/>\n<\/div>\n\t\t<\/div>\n\t\n\t<\/form>\n\n<\/div>\n\n\n<div data-block-name=\"woocommerce\/product-meta\" class=\"wp-block-woocommerce-product-meta\">\n<div class=\"wp-block-group is-nowrap is-layout-flex wp-container-core-group-is-layout-ad2f72ca wp-block-group-is-layout-flex\"><div data-block-name=\"woocommerce\/product-sku\" class=\"wc-block-components-product-sku wc-block-grid__product-sku wp-block-woocommerce-product-sku product_meta wp-block-post-terms \" style=\"\">\n\t\t\t\t<span class=\"wp-block-post-terms__prefix\">SKU:<\/span>\n\t\t\t\t<span class=\"sku\" data-wp-interactive=\"woocommerce\/product-elements\" data-wp-text=\"state.productData.sku\"><\/span>\n\t\t\t\t\n\t\t\t<\/div>\n\n<div class=\"taxonomy-product_cat wp-block-post-terms\"><span class=\"wp-block-post-terms__prefix\">Category: <\/span><a href=\"https:\/\/www.lecamaleon.com\/en\/product-category\/bed-linen\/edredoes\/\" rel=\"tag\">Edred\u00f5es<\/a><span class=\"wp-block-post-terms__separator\">, <\/span><a href=\"https:\/\/www.lecamaleon.com\/en\/product-category\/bed-linen\/\" rel=\"tag\">Roupa de cama<\/a><\/div>\n\n<div class=\"taxonomy-product_tag wp-block-post-terms\"><span class=\"wp-block-post-terms__prefix\">Etiquetas: <\/span><a href=\"https:\/\/www.lecamaleon.com\/en\/product-tag\/edredao\/\" rel=\"tag\">edredao<\/a><span class=\"wp-block-post-terms__separator\">, <\/span><a href=\"https:\/\/www.lecamaleon.com\/en\/product-tag\/edredao-casal\/\" rel=\"tag\">edredao casal<\/a><span class=\"wp-block-post-terms__separator\">, <\/span><a href=\"https:\/\/www.lecamaleon.com\/en\/product-tag\/edredao-nordico\/\" rel=\"tag\">edredao nordico<\/a><span class=\"wp-block-post-terms__separator\">, <\/span><a href=\"https:\/\/www.lecamaleon.com\/en\/product-tag\/edredao-quente\/\" rel=\"tag\">edred\u00e3o quente<\/a><span class=\"wp-block-post-terms__separator\">, <\/span><a href=\"https:\/\/www.lecamaleon.com\/en\/product-tag\/edredao-solteiro\/\" rel=\"tag\">edredao solteiro<\/a><\/div><\/div>\n<\/div>\n<\/div>\n<\/div>\n<\/div>\n<\/div><\/div>\n<\/div>\n<\/div>\n<\/div><\/div>\n\n\n\n<h2 class=\"wp-block-heading\">Ser\u00e1 que o meu edred\u00e3o cabe na m\u00e1quina de lavar?<\/h2>\n\n\n\n<p>Uma <strong>m\u00e1quina de lavar de 10 kg <\/strong>\u00e9 suficiente para lavar um <strong>edred\u00e3o de solteiro<\/strong> ou de <strong>casal<\/strong>. Se, no entanto, tem um edred\u00e3o maior (queen ou king), a recomenda\u00e7\u00e3o \u00e9 que tenha uma m\u00e1quina de lavar com capacidade de 15 kg.<\/p>\n\n\n\n<h3 class=\"wp-block-heading\">Como colocar o edred\u00e3o na m\u00e1quina?<\/h3>\n\n\n\n<p>N\u00e3o deve colocar o edred\u00e3o de qualquer forma na m\u00e1quina. Procure distribuir o seu volume e peso no tambor. Isto n\u00e3o s\u00f3 vai poupar a m\u00e1quina de lavar e proteger o edred\u00e3o de danos, como garante que a lavagem fica melhor.<\/p>\n\n\n\n<p><\/p>\n\n\n\n<h3 class=\"wp-block-heading\">Que detergente devo usar para lavar o edred\u00e3o?<\/h3>\n\n\n\n<p>Depende da cor do seu edred\u00e3o. Se for um <a href=\"https:\/\/www.lecamaleon.com\/produto\/edredao-nordico\/\">edred\u00e3o n\u00f3rdico branco<\/a> deve usar um detergente l\u00edquido para roupas brancas. Se for um edred\u00e3o colorido, ent\u00e3o um detergente l\u00edquido para roupas coloridas.<\/p>\n\n\n\n<figure class=\"wp-block-image size-large\"><img fetchpriority=\"high\" decoding=\"async\" width=\"1024\" height=\"768\" src=\"https:\/\/www.lecamaleon.com\/wp-content\/uploads\/2024\/01\/Nordico-lifestyle-3-edited-1024x768.png\" alt=\"Edred\u00e3o n\u00f3rdico branco de inverno da marca LeCamaleon.\" class=\"wp-image-2496\" srcset=\"https:\/\/www.lecamaleon.com\/wp-content\/uploads\/2024\/01\/Nordico-lifestyle-3-edited-1024x768.png 1024w, https:\/\/www.lecamaleon.com\/wp-content\/uploads\/2024\/01\/Nordico-lifestyle-3-edited-330x248.png 330w, https:\/\/www.lecamaleon.com\/wp-content\/uploads\/2024\/01\/Nordico-lifestyle-3-edited-768x576.png 768w, https:\/\/www.lecamaleon.com\/wp-content\/uploads\/2024\/01\/Nordico-lifestyle-3-edited-16x12.png 16w, https:\/\/www.lecamaleon.com\/wp-content\/uploads\/2024\/01\/Nordico-lifestyle-3-edited-1000x750.png 1000w, https:\/\/www.lecamaleon.com\/wp-content\/uploads\/2024\/01\/Nordico-lifestyle-3-edited.png 1080w\" sizes=\"(max-width: 1024px) 100vw, 1024px\" \/><figcaption class=\"wp-element-caption\">Se o seu edred\u00e3o for branco, deve usar um detergente para roupas brancas.<\/figcaption><\/figure>\n\n\n\n<h3 class=\"wp-block-heading\">Que programa da m\u00e1quina de lavar devo usar para lavar o edred\u00e3o?<\/h3>\n\n\n\n<p>Para proteger o edred\u00e3o, deve optar por um <strong>programa de roupas delicadas<\/strong> (h\u00e1 marcas que lhe chamam programa de l\u00e3 ou lavagem \u00e0 m\u00e3o, mas s\u00e3o a mesma coisa).<\/p>\n\n\n\n<h3 class=\"wp-block-heading\">Devo usar a centrifuga\u00e7\u00e3o para secar o edred\u00e3o?<\/h3>\n\n\n\n<p>A centrifuga\u00e7\u00e3o \u00e9 \u00fatil para secar o edred\u00e3o, principalmente nas esta\u00e7\u00f5es quando o tempo est\u00e1 mais frio e h\u00famido, o que dificulta e prolonga a secagem.<\/p>\n\n\n\n<p>Pode usar a centrifuga\u00e7\u00e3o para deixar o edred\u00e3o mais seco ap\u00f3s a lavagem, mas no programa n\u00e3o deve exceder as 600 RPM (rota\u00e7\u00f5es por minuto) para n\u00e3o causar estragos.<\/p>\n\n\n\n<h2 class=\"wp-block-heading\">Como secar o  edred\u00e3o depois de lavado?<\/h2>\n\n\n\n<p>Idealmente, o edred\u00e3o deveria secar ao ar livre, sem exposi\u00e7\u00e3o solar direta. Contudo, se precisa do edred\u00e3o seco o mais r\u00e1pido poss\u00edvel, pode usar uma m\u00e1quina de secar. Recomendamos um programa longo de secagem, mas sem temperaturas muito elevadas para n\u00e3o causar dano aos tecidos.<\/p>\n","protected":false},"excerpt":{"rendered":"<p>Vamos ser honestos! Lavar o edred\u00e3o \u00e9 uma das coisas mais chatas e complicadas nas tarefas de casa devido ao tamanho e volume. Mas se seguir as nossas recomenda\u00e7\u00f5es, vai ver que lavar o seu edred\u00e3o n\u00e3o \u00e9 assim t\u00e3o dif\u00edcil. Qual a frequ\u00eancia com que deve lavar o edred\u00e3o? A roupa de cama, como [&hellip;]<\/p>\n","protected":false},"author":4,"featured_media":0,"comment_status":"closed","ping_status":"closed","sticky":false,"template":"","format":"standard","meta":{"ocean_post_layout":"","ocean_both_sidebars_style":"","ocean_both_sidebars_content_width":0,"ocean_both_sidebars_sidebars_width":0,"ocean_sidebar":"","ocean_second_sidebar":"","ocean_disable_margins":"enable","ocean_add_body_class":"","ocean_shortcode_before_top_bar":"","ocean_shortcode_after_top_bar":"","ocean_shortcode_before_header":"","ocean_shortcode_after_header":"","ocean_has_shortcode":"","ocean_shortcode_after_title":"","ocean_shortcode_before_footer_widgets":"","ocean_shortcode_after_footer_widgets":"","ocean_shortcode_before_footer_bottom":"","ocean_shortcode_after_footer_bottom":"","ocean_display_top_bar":"default","ocean_display_header":"default","ocean_header_style":"","ocean_center_header_left_menu":"","ocean_custom_header_template":"","ocean_custom_logo":0,"ocean_custom_retina_logo":0,"ocean_custom_logo_max_width":0,"ocean_custom_logo_tablet_max_width":0,"ocean_custom_logo_mobile_max_width":0,"ocean_custom_logo_max_height":0,"ocean_custom_logo_tablet_max_height":0,"ocean_custom_logo_mobile_max_height":0,"ocean_header_custom_menu":"","ocean_menu_typo_font_family":"","ocean_menu_typo_font_subset":"","ocean_menu_typo_font_size":0,"ocean_menu_typo_font_size_tablet":0,"ocean_menu_typo_font_size_mobile":0,"ocean_menu_typo_font_size_unit":"px","ocean_menu_typo_font_weight":"","ocean_menu_typo_font_weight_tablet":"","ocean_menu_typo_font_weight_mobile":"","ocean_menu_typo_transform":"","ocean_menu_typo_transform_tablet":"","ocean_menu_typo_transform_mobile":"","ocean_menu_typo_line_height":0,"ocean_menu_typo_line_height_tablet":0,"ocean_menu_typo_line_height_mobile":0,"ocean_menu_typo_line_height_unit":"","ocean_menu_typo_spacing":0,"ocean_menu_typo_spacing_tablet":0,"ocean_menu_typo_spacing_mobile":0,"ocean_menu_typo_spacing_unit":"","ocean_menu_link_color":"","ocean_menu_link_color_hover":"","ocean_menu_link_color_active":"","ocean_menu_link_background":"","ocean_menu_link_hover_background":"","ocean_menu_link_active_background":"","ocean_menu_social_links_bg":"","ocean_menu_social_hover_links_bg":"","ocean_menu_social_links_color":"","ocean_menu_social_hover_links_color":"","ocean_disable_title":"default","ocean_disable_heading":"default","ocean_post_title":"","ocean_post_subheading":"","ocean_post_title_style":"","ocean_post_title_background_color":"","ocean_post_title_background":0,"ocean_post_title_bg_image_position":"","ocean_post_title_bg_image_attachment":"","ocean_post_title_bg_image_repeat":"","ocean_post_title_bg_image_size":"","ocean_post_title_height":0,"ocean_post_title_bg_overlay":0.5,"ocean_post_title_bg_overlay_color":"","ocean_disable_breadcrumbs":"default","ocean_breadcrumbs_color":"","ocean_breadcrumbs_separator_color":"","ocean_breadcrumbs_links_color":"","ocean_breadcrumbs_links_hover_color":"","ocean_display_footer_widgets":"default","ocean_display_footer_bottom":"default","ocean_custom_footer_template":"","ocean_post_oembed":"","ocean_post_self_hosted_media":"","ocean_post_video_embed":"","ocean_link_format":"","ocean_link_format_target":"self","ocean_quote_format":"","ocean_quote_format_link":"post","ocean_gallery_link_images":"on","ocean_gallery_id":[],"footnotes":""},"categories":[72],"tags":[88,87,89,90],"class_list":["post-2582","post","type-post","status-publish","format-standard","hentry","category-blog-lecamaleon","tag-blog","tag-dicas","tag-edredao","tag-lavar-edredao","entry","has-media","owp-thumbs-layout-horizontal","owp-btn-normal","owp-tabs-layout-horizontal","has-product-nav"],"yoast_head":"<!-- This site is optimized with the Yoast SEO plugin v27.4 - https:\/\/yoast.com\/product\/yoast-seo-wordpress\/ -->\n<title>Como e quando lavar o seu edred\u00e3o | blogue Lecamaleon<\/title>\n<meta name=\"description\" content=\"Aprenda como e quando lavar o seu edred\u00e3o, que programas usar na m\u00e1quina de lavar e quais detergentes, e como secar depois de lavar.\" \/>\n<meta name=\"robots\" content=\"index, follow, max-snippet:-1, max-image-preview:large, max-video-preview:-1\" \/>\n<link rel=\"canonical\" href=\"https:\/\/www.lecamaleon.com\/en\/como-quando-lavar-edredao\/\" \/>\n<meta property=\"og:locale\" content=\"en_GB\" \/>\n<meta property=\"og:type\" content=\"article\" \/>\n<meta property=\"og:title\" content=\"Como e quando lavar o seu edred\u00e3o | blogue Lecamaleon\" \/>\n<meta property=\"og:description\" content=\"Aprenda como e quando lavar o seu edred\u00e3o, que programas usar na m\u00e1quina de lavar e quais detergentes, e como secar depois de lavar.\" \/>\n<meta property=\"og:url\" content=\"https:\/\/www.lecamaleon.com\/en\/como-quando-lavar-edredao\/\" \/>\n<meta property=\"og:site_name\" content=\"Lecamaleon\" \/>\n<meta property=\"article:publisher\" content=\"https:\/\/www.facebook.com\/lecamaleon\" \/>\n<meta property=\"article:published_time\" content=\"2024-02-14T15:28:22+00:00\" \/>\n<meta property=\"article:modified_time\" content=\"2024-02-14T15:28:23+00:00\" \/>\n<meta property=\"og:image\" content=\"https:\/\/www.lecamaleon.com\/wp-content\/uploads\/2024\/01\/Nordico-lifestyle-3-edited-1024x768.png\" \/>\n<meta name=\"author\" content=\"JorgeLou\" \/>\n<meta name=\"twitter:card\" content=\"summary_large_image\" \/>\n<meta name=\"twitter:label1\" content=\"Written by\" \/>\n\t<meta name=\"twitter:data1\" content=\"JorgeLou\" \/>\n\t<meta name=\"twitter:label2\" content=\"Estimated reading time\" \/>\n\t<meta name=\"twitter:data2\" content=\"3 minutes\" \/>\n<script type=\"application\/ld+json\" class=\"yoast-schema-graph\">{\"@context\":\"https:\\\/\\\/schema.org\",\"@graph\":[{\"@type\":\"Article\",\"@id\":\"https:\\\/\\\/www.lecamaleon.com\\\/como-quando-lavar-edredao\\\/#article\",\"isPartOf\":{\"@id\":\"https:\\\/\\\/www.lecamaleon.com\\\/como-quando-lavar-edredao\\\/\"},\"author\":{\"name\":\"JorgeLou\",\"@id\":\"https:\\\/\\\/www.lecamaleon.com\\\/#\\\/schema\\\/person\\\/4ac86ff92b26325112362ffdb1723078\"},\"headline\":\"Como e quando lavar o seu edred\u00e3o\",\"datePublished\":\"2024-02-14T15:28:22+00:00\",\"dateModified\":\"2024-02-14T15:28:23+00:00\",\"mainEntityOfPage\":{\"@id\":\"https:\\\/\\\/www.lecamaleon.com\\\/como-quando-lavar-edredao\\\/\"},\"wordCount\":513,\"publisher\":{\"@id\":\"https:\\\/\\\/www.lecamaleon.com\\\/#organization\"},\"image\":{\"@id\":\"https:\\\/\\\/www.lecamaleon.com\\\/como-quando-lavar-edredao\\\/#primaryimage\"},\"thumbnailUrl\":\"https:\\\/\\\/www.lecamaleon.com\\\/wp-content\\\/uploads\\\/2024\\\/01\\\/Nordico-lifestyle-3-edited-1024x768.png\",\"keywords\":[\"blog\",\"dicas\",\"edred\u00e3o\",\"lavar edred\u00e3o\"],\"articleSection\":[\"Blog Lecamaleon\"],\"inLanguage\":\"en-GB\"},{\"@type\":\"WebPage\",\"@id\":\"https:\\\/\\\/www.lecamaleon.com\\\/como-quando-lavar-edredao\\\/\",\"url\":\"https:\\\/\\\/www.lecamaleon.com\\\/como-quando-lavar-edredao\\\/\",\"name\":\"Como e quando lavar o seu edred\u00e3o | blogue Lecamaleon\",\"isPartOf\":{\"@id\":\"https:\\\/\\\/www.lecamaleon.com\\\/#website\"},\"primaryImageOfPage\":{\"@id\":\"https:\\\/\\\/www.lecamaleon.com\\\/como-quando-lavar-edredao\\\/#primaryimage\"},\"image\":{\"@id\":\"https:\\\/\\\/www.lecamaleon.com\\\/como-quando-lavar-edredao\\\/#primaryimage\"},\"thumbnailUrl\":\"https:\\\/\\\/www.lecamaleon.com\\\/wp-content\\\/uploads\\\/2024\\\/01\\\/Nordico-lifestyle-3-edited-1024x768.png\",\"datePublished\":\"2024-02-14T15:28:22+00:00\",\"dateModified\":\"2024-02-14T15:28:23+00:00\",\"description\":\"Aprenda como e quando lavar o seu edred\u00e3o, que programas usar na m\u00e1quina de lavar e quais detergentes, e como secar depois de lavar.\",\"breadcrumb\":{\"@id\":\"https:\\\/\\\/www.lecamaleon.com\\\/como-quando-lavar-edredao\\\/#breadcrumb\"},\"inLanguage\":\"en-GB\",\"potentialAction\":[{\"@type\":\"ReadAction\",\"target\":[\"https:\\\/\\\/www.lecamaleon.com\\\/como-quando-lavar-edredao\\\/\"]}]},{\"@type\":\"ImageObject\",\"inLanguage\":\"en-GB\",\"@id\":\"https:\\\/\\\/www.lecamaleon.com\\\/como-quando-lavar-edredao\\\/#primaryimage\",\"url\":\"https:\\\/\\\/www.lecamaleon.com\\\/wp-content\\\/uploads\\\/2024\\\/01\\\/Nordico-lifestyle-3-edited-1024x768.png\",\"contentUrl\":\"https:\\\/\\\/www.lecamaleon.com\\\/wp-content\\\/uploads\\\/2024\\\/01\\\/Nordico-lifestyle-3-edited-1024x768.png\"},{\"@type\":\"BreadcrumbList\",\"@id\":\"https:\\\/\\\/www.lecamaleon.com\\\/como-quando-lavar-edredao\\\/#breadcrumb\",\"itemListElement\":[{\"@type\":\"ListItem\",\"position\":1,\"name\":\"In\u00edcio\",\"item\":\"https:\\\/\\\/www.lecamaleon.com\\\/\"},{\"@type\":\"ListItem\",\"position\":2,\"name\":\"Como e quando lavar o seu edred\u00e3o\"}]},{\"@type\":\"WebSite\",\"@id\":\"https:\\\/\\\/www.lecamaleon.com\\\/#website\",\"url\":\"https:\\\/\\\/www.lecamaleon.com\\\/\",\"name\":\"Lecamaleon.com\",\"description\":\"Loja online de t\u00eaxtil-lar com produtos fabricados em Portugal aos melhores pre\u00e7os: edred\u00f5es, almofadas de dormir, len\u00e7\u00f3is de linho, len\u00e7\u00f3is de cetim e mais.\",\"publisher\":{\"@id\":\"https:\\\/\\\/www.lecamaleon.com\\\/#organization\"},\"alternateName\":\"LeCamaleon\",\"potentialAction\":[{\"@type\":\"SearchAction\",\"target\":{\"@type\":\"EntryPoint\",\"urlTemplate\":\"https:\\\/\\\/www.lecamaleon.com\\\/?s={search_term_string}\"},\"query-input\":{\"@type\":\"PropertyValueSpecification\",\"valueRequired\":true,\"valueName\":\"search_term_string\"}}],\"inLanguage\":\"en-GB\"},{\"@type\":\"Organization\",\"@id\":\"https:\\\/\\\/www.lecamaleon.com\\\/#organization\",\"name\":\"Lecamaleon.com\",\"url\":\"https:\\\/\\\/www.lecamaleon.com\\\/\",\"logo\":{\"@type\":\"ImageObject\",\"inLanguage\":\"en-GB\",\"@id\":\"https:\\\/\\\/www.lecamaleon.com\\\/#\\\/schema\\\/logo\\\/image\\\/\",\"url\":\"https:\\\/\\\/www.lecamaleon.com\\\/wp-content\\\/uploads\\\/2023\\\/02\\\/cropped-Logo-512x512-1.png\",\"contentUrl\":\"https:\\\/\\\/www.lecamaleon.com\\\/wp-content\\\/uploads\\\/2023\\\/02\\\/cropped-Logo-512x512-1.png\",\"width\":512,\"height\":512,\"caption\":\"Lecamaleon.com\"},\"image\":{\"@id\":\"https:\\\/\\\/www.lecamaleon.com\\\/#\\\/schema\\\/logo\\\/image\\\/\"},\"sameAs\":[\"https:\\\/\\\/www.facebook.com\\\/lecamaleon\",\"https:\\\/\\\/www.instagram.com\\\/le.camaleon\\\/\",\"https:\\\/\\\/www.threads.net\\\/@le.camaleon\"]},{\"@type\":\"Person\",\"@id\":\"https:\\\/\\\/www.lecamaleon.com\\\/#\\\/schema\\\/person\\\/4ac86ff92b26325112362ffdb1723078\",\"name\":\"JorgeLou\",\"image\":{\"@type\":\"ImageObject\",\"inLanguage\":\"en-GB\",\"@id\":\"https:\\\/\\\/secure.gravatar.com\\\/avatar\\\/b4b4d1505e1fc4810ccbf78c59f6d91b223dec355bb0932968fdf2cfda3b65f3?s=96&d=mm&r=g\",\"url\":\"https:\\\/\\\/secure.gravatar.com\\\/avatar\\\/b4b4d1505e1fc4810ccbf78c59f6d91b223dec355bb0932968fdf2cfda3b65f3?s=96&d=mm&r=g\",\"contentUrl\":\"https:\\\/\\\/secure.gravatar.com\\\/avatar\\\/b4b4d1505e1fc4810ccbf78c59f6d91b223dec355bb0932968fdf2cfda3b65f3?s=96&d=mm&r=g\",\"caption\":\"JorgeLou\"},\"url\":\"https:\\\/\\\/www.lecamaleon.com\\\/en\\\/author\\\/jorgelou\\\/\"}]}<\/script>\n<!-- \/ Yoast SEO plugin. -->","yoast_head_json":{"title":"Como e quando lavar o seu edred\u00e3o | blogue Lecamaleon","description":"Aprenda como e quando lavar o seu edred\u00e3o, que programas usar na m\u00e1quina de lavar e quais detergentes, e como secar depois de lavar.","robots":{"index":"index","follow":"follow","max-snippet":"max-snippet:-1","max-image-preview":"max-image-preview:large","max-video-preview":"max-video-preview:-1"},"canonical":"https:\/\/www.lecamaleon.com\/en\/como-quando-lavar-edredao\/","og_locale":"en_GB","og_type":"article","og_title":"Como e quando lavar o seu edred\u00e3o | blogue Lecamaleon","og_description":"Aprenda como e quando lavar o seu edred\u00e3o, que programas usar na m\u00e1quina de lavar e quais detergentes, e como secar depois de lavar.","og_url":"https:\/\/www.lecamaleon.com\/en\/como-quando-lavar-edredao\/","og_site_name":"Lecamaleon","article_publisher":"https:\/\/www.facebook.com\/lecamaleon","article_published_time":"2024-02-14T15:28:22+00:00","article_modified_time":"2024-02-14T15:28:23+00:00","og_image":[{"url":"https:\/\/www.lecamaleon.com\/wp-content\/uploads\/2024\/01\/Nordico-lifestyle-3-edited-1024x768.png","type":"","width":"","height":""}],"author":"JorgeLou","twitter_card":"summary_large_image","twitter_misc":{"Written by":"JorgeLou","Estimated reading time":"3 minutes"},"schema":{"@context":"https:\/\/schema.org","@graph":[{"@type":"Article","@id":"https:\/\/www.lecamaleon.com\/como-quando-lavar-edredao\/#article","isPartOf":{"@id":"https:\/\/www.lecamaleon.com\/como-quando-lavar-edredao\/"},"author":{"name":"JorgeLou","@id":"https:\/\/www.lecamaleon.com\/#\/schema\/person\/4ac86ff92b26325112362ffdb1723078"},"headline":"Como e quando lavar o seu edred\u00e3o","datePublished":"2024-02-14T15:28:22+00:00","dateModified":"2024-02-14T15:28:23+00:00","mainEntityOfPage":{"@id":"https:\/\/www.lecamaleon.com\/como-quando-lavar-edredao\/"},"wordCount":513,"publisher":{"@id":"https:\/\/www.lecamaleon.com\/#organization"},"image":{"@id":"https:\/\/www.lecamaleon.com\/como-quando-lavar-edredao\/#primaryimage"},"thumbnailUrl":"https:\/\/www.lecamaleon.com\/wp-content\/uploads\/2024\/01\/Nordico-lifestyle-3-edited-1024x768.png","keywords":["blog","dicas","edred\u00e3o","lavar edred\u00e3o"],"articleSection":["Blog Lecamaleon"],"inLanguage":"en-GB"},{"@type":"WebPage","@id":"https:\/\/www.lecamaleon.com\/como-quando-lavar-edredao\/","url":"https:\/\/www.lecamaleon.com\/como-quando-lavar-edredao\/","name":"Como e quando lavar o seu edred\u00e3o | blogue Lecamaleon","isPartOf":{"@id":"https:\/\/www.lecamaleon.com\/#website"},"primaryImageOfPage":{"@id":"https:\/\/www.lecamaleon.com\/como-quando-lavar-edredao\/#primaryimage"},"image":{"@id":"https:\/\/www.lecamaleon.com\/como-quando-lavar-edredao\/#primaryimage"},"thumbnailUrl":"https:\/\/www.lecamaleon.com\/wp-content\/uploads\/2024\/01\/Nordico-lifestyle-3-edited-1024x768.png","datePublished":"2024-02-14T15:28:22+00:00","dateModified":"2024-02-14T15:28:23+00:00","description":"Aprenda como e quando lavar o seu edred\u00e3o, que programas usar na m\u00e1quina de lavar e quais detergentes, e como secar depois de lavar.","breadcrumb":{"@id":"https:\/\/www.lecamaleon.com\/como-quando-lavar-edredao\/#breadcrumb"},"inLanguage":"en-GB","potentialAction":[{"@type":"ReadAction","target":["https:\/\/www.lecamaleon.com\/como-quando-lavar-edredao\/"]}]},{"@type":"ImageObject","inLanguage":"en-GB","@id":"https:\/\/www.lecamaleon.com\/como-quando-lavar-edredao\/#primaryimage","url":"https:\/\/www.lecamaleon.com\/wp-content\/uploads\/2024\/01\/Nordico-lifestyle-3-edited-1024x768.png","contentUrl":"https:\/\/www.lecamaleon.com\/wp-content\/uploads\/2024\/01\/Nordico-lifestyle-3-edited-1024x768.png"},{"@type":"BreadcrumbList","@id":"https:\/\/www.lecamaleon.com\/como-quando-lavar-edredao\/#breadcrumb","itemListElement":[{"@type":"ListItem","position":1,"name":"In\u00edcio","item":"https:\/\/www.lecamaleon.com\/"},{"@type":"ListItem","position":2,"name":"Como e quando lavar o seu edred\u00e3o"}]},{"@type":"WebSite","@id":"https:\/\/www.lecamaleon.com\/#website","url":"https:\/\/www.lecamaleon.com\/","name":"Lecamaleon.com","description":"Loja online de t\u00eaxtil-lar com produtos fabricados em Portugal aos melhores pre\u00e7os: edred\u00f5es, almofadas de dormir, len\u00e7\u00f3is de linho, len\u00e7\u00f3is de cetim e mais.","publisher":{"@id":"https:\/\/www.lecamaleon.com\/#organization"},"alternateName":"LeCamaleon","potentialAction":[{"@type":"SearchAction","target":{"@type":"EntryPoint","urlTemplate":"https:\/\/www.lecamaleon.com\/?s={search_term_string}"},"query-input":{"@type":"PropertyValueSpecification","valueRequired":true,"valueName":"search_term_string"}}],"inLanguage":"en-GB"},{"@type":"Organization","@id":"https:\/\/www.lecamaleon.com\/#organization","name":"Lecamaleon.com","url":"https:\/\/www.lecamaleon.com\/","logo":{"@type":"ImageObject","inLanguage":"en-GB","@id":"https:\/\/www.lecamaleon.com\/#\/schema\/logo\/image\/","url":"https:\/\/www.lecamaleon.com\/wp-content\/uploads\/2023\/02\/cropped-Logo-512x512-1.png","contentUrl":"https:\/\/www.lecamaleon.com\/wp-content\/uploads\/2023\/02\/cropped-Logo-512x512-1.png","width":512,"height":512,"caption":"Lecamaleon.com"},"image":{"@id":"https:\/\/www.lecamaleon.com\/#\/schema\/logo\/image\/"},"sameAs":["https:\/\/www.facebook.com\/lecamaleon","https:\/\/www.instagram.com\/le.camaleon\/","https:\/\/www.threads.net\/@le.camaleon"]},{"@type":"Person","@id":"https:\/\/www.lecamaleon.com\/#\/schema\/person\/4ac86ff92b26325112362ffdb1723078","name":"JorgeLou","image":{"@type":"ImageObject","inLanguage":"en-GB","@id":"https:\/\/secure.gravatar.com\/avatar\/b4b4d1505e1fc4810ccbf78c59f6d91b223dec355bb0932968fdf2cfda3b65f3?s=96&d=mm&r=g","url":"https:\/\/secure.gravatar.com\/avatar\/b4b4d1505e1fc4810ccbf78c59f6d91b223dec355bb0932968fdf2cfda3b65f3?s=96&d=mm&r=g","contentUrl":"https:\/\/secure.gravatar.com\/avatar\/b4b4d1505e1fc4810ccbf78c59f6d91b223dec355bb0932968fdf2cfda3b65f3?s=96&d=mm&r=g","caption":"JorgeLou"},"url":"https:\/\/www.lecamaleon.com\/en\/author\/jorgelou\/"}]}},"_links":{"self":[{"href":"https:\/\/www.lecamaleon.com\/en\/wp-json\/wp\/v2\/posts\/2582","targetHints":{"allow":["GET"]}}],"collection":[{"href":"https:\/\/www.lecamaleon.com\/en\/wp-json\/wp\/v2\/posts"}],"about":[{"href":"https:\/\/www.lecamaleon.com\/en\/wp-json\/wp\/v2\/types\/post"}],"author":[{"embeddable":true,"href":"https:\/\/www.lecamaleon.com\/en\/wp-json\/wp\/v2\/users\/4"}],"replies":[{"embeddable":true,"href":"https:\/\/www.lecamaleon.com\/en\/wp-json\/wp\/v2\/comments?post=2582"}],"version-history":[{"count":0,"href":"https:\/\/www.lecamaleon.com\/en\/wp-json\/wp\/v2\/posts\/2582\/revisions"}],"wp:attachment":[{"href":"https:\/\/www.lecamaleon.com\/en\/wp-json\/wp\/v2\/media?parent=2582"}],"wp:term":[{"taxonomy":"category","embeddable":true,"href":"https:\/\/www.lecamaleon.com\/en\/wp-json\/wp\/v2\/categories?post=2582"},{"taxonomy":"post_tag","embeddable":true,"href":"https:\/\/www.lecamaleon.com\/en\/wp-json\/wp\/v2\/tags?post=2582"}],"curies":[{"name":"wp","href":"https:\/\/api.w.org\/{rel}","templated":true}]}}